{"id":2351,"date":"2017-09-27T21:34:39","date_gmt":"2017-09-27T20:34:39","guid":{"rendered":"http:\/\/tu-te.de\/?p=2351"},"modified":"2025-01-06T14:18:24","modified_gmt":"2025-01-06T13:18:24","slug":"deutsche-folklore-zu-gast-in-polen-2017","status":"publish","type":"post","link":"https:\/\/tu-te.de\/en\/german-folklore-as-guest-in-poland-2017\/","title":{"rendered":"German folklore as a guest in Poland 2017"},"content":{"rendered":"<p><img loading=\"lazy\" decoding=\"async\" class=\"alignnone wp-image-2353 size-large\" src=\"http:\/\/tu-te.de\/wp-content\/uploads\/2017\/09\/MSFF-Cieszyn-Teatr-Mickiewicza_0060-copy-1024x628.jpg\" alt=\"\" width=\"750\" height=\"460\" srcset=\"https:\/\/tu-te.de\/wp-content\/uploads\/2017\/09\/MSFF-Cieszyn-Teatr-Mickiewicza_0060-copy-1024x628.jpg 1024w, https:\/\/tu-te.de\/wp-content\/uploads\/2017\/09\/MSFF-Cieszyn-Teatr-Mickiewicza_0060-copy-300x184.jpg 300w, https:\/\/tu-te.de\/wp-content\/uploads\/2017\/09\/MSFF-Cieszyn-Teatr-Mickiewicza_0060-copy-768x471.jpg 768w\" sizes=\"auto, (max-width: 750px) 100vw, 750px\" \/><\/p>\n<p>From 26.08. to 03.09.2017 we were invited to the 30th anniversary of the CIOFF International Folklore Festival in Cieszyn\/Katowice in Poland. 26 of our dancers and musicians were able to gain a wide range of impressions and exchange ideas with the other participating groups from all over Poland, even far away from the Silesian stages.<strong>Algeria, Ireland, Italy, Cape Verde, Poland, Serbia, Slovakia, Turkey and Zimbabwe<\/strong> gain enriching experiences. We are already looking forward to the cultural exchange at an international folklore festival next summer!<\/p>\n<p><img loading=\"lazy\" decoding=\"async\" class=\"alignnone wp-image-2352 size-full\" src=\"http:\/\/tu-te.de\/wp-content\/uploads\/2017\/09\/Unijournal-2017.png\" alt=\"\" width=\"1171\" height=\"477\" srcset=\"https:\/\/tu-te.de\/wp-content\/uploads\/2017\/09\/Unijournal-2017.png 1171w, https:\/\/tu-te.de\/wp-content\/uploads\/2017\/09\/Unijournal-2017-300x122.png 300w, https:\/\/tu-te.de\/wp-content\/uploads\/2017\/09\/Unijournal-2017-768x313.png 768w, https:\/\/tu-te.de\/wp-content\/uploads\/2017\/09\/Unijournal-2017-1024x417.png 1024w\" sizes=\"auto, (max-width: 1171px) 100vw, 1171px\" \/><\/p>\n<p style=\"text-align: left;\">&#8220;Thea Maass&#8221; traveled to Poland with a total of twelve choreographies. With the dances, the folklore dance ensemble becomes an ambassador for Germany. Traditional dances from all corners of the country are part of the repertoire.&#8221;<br \/>\n(<a href=\"http:\/\/www.sz-online.de\/nachrichten\/wissen\/nur-nicht-schweppern-3759490.html\">Article &#8220;Nur nicht schweppern!&#8221; in the S\u00e4chsische Zeitung<\/a>, 28.08.2017)<\/p>\n<p><img loading=\"lazy\" decoding=\"async\" class=\"alignnone wp-image-2354 size-large\" src=\"http:\/\/tu-te.de\/wp-content\/uploads\/2017\/09\/DSC_0264-1024x680.jpg\" alt=\"\" width=\"750\" height=\"498\" srcset=\"https:\/\/tu-te.de\/wp-content\/uploads\/2017\/09\/DSC_0264-1024x680.jpg 1024w, https:\/\/tu-te.de\/wp-content\/uploads\/2017\/09\/DSC_0264-300x199.jpg 300w, https:\/\/tu-te.de\/wp-content\/uploads\/2017\/09\/DSC_0264-768x510.jpg 768w, https:\/\/tu-te.de\/wp-content\/uploads\/2017\/09\/DSC_0264-272x182.jpg 272w\" sizes=\"auto, (max-width: 750px) 100vw, 750px\" \/><\/p>\n<p><strong>Further impressions of our festival trip to Poland can be found on<a href=\"https:\/\/www.facebook.com\/folkloretanzensemble\">our Facebook page<\/a> and there in the<a href=\"https:\/\/www.facebook.com\/pg\/folkloretanzensemble\/photos\/?tab=album&amp;album_id=1496666090389814\">Festival participation photo albume<\/a> be discovered!<\/strong><\/p>\n<p>&nbsp;<\/p>\n<hr>\n<p>Many thanks to the <a href=\"https:\/\/www.stura.tu-dresden.de\/\"><strong>Student Council of the TU Dresden<\/strong><\/a> ffor supporting our travel expenses!<br \/>\n<a href=\"https:\/\/www.stura.tu-dresden.de\/\"><img loading=\"lazy\" decoding=\"async\" class=\"alignnone wp-image-2311 size-full\" src=\"http:\/\/tu-te.de\/wp-content\/uploads\/2017\/08\/stura.jpeg\" alt=\"\" width=\"300\" height=\"168\"><\/a><\/p>\n","protected":false},"excerpt":{"rendered":"<p>Vom 26.08. bis 03.09.2017 waren wir beim 30. Jubil\u00e4um des Internationalen Folklorefestivals der CIOFF in Cieszyn\/Katowice in Polen eingeladen. 26 unserer T\u00e4nzer und Musiker konnten vielf\u00e4ltige Eindr\u00fccke mitnehmen und auch fernab der schlesischen B\u00fchnen im Austausch mit den anderen teilnehmenden Gruppen aus Algerien, Irland, Italien, Kap Verde, Polen, Serbien, Slowakei, T\u00fcrkei und Zimbabwe bereichernde Erfahrungen sammeln.<\/p>\n","protected":false},"author":5,"featured_media":2353,"comment_status":"closed","ping_status":"closed","sticky":false,"template":"","format":"standard","meta":{"footnotes":""},"categories":[1],"tags":[],"class_list":["post-2351","post","type-post","status-publish","format-standard","has-post-thumbnail","hentry","category-allgemein"],"_links":{"self":[{"href":"https:\/\/tu-te.de\/en\/wp-json\/wp\/v2\/posts\/2351","targetHints":{"allow":["GET"]}}],"collection":[{"href":"https:\/\/tu-te.de\/en\/wp-json\/wp\/v2\/posts"}],"about":[{"href":"https:\/\/tu-te.de\/en\/wp-json\/wp\/v2\/types\/post"}],"author":[{"embeddable":true,"href":"https:\/\/tu-te.de\/en\/wp-json\/wp\/v2\/users\/5"}],"replies":[{"embeddable":true,"href":"https:\/\/tu-te.de\/en\/wp-json\/wp\/v2\/comments?post=2351"}],"version-history":[{"count":7,"href":"https:\/\/tu-te.de\/en\/wp-json\/wp\/v2\/posts\/2351\/revisions"}],"predecessor-version":[{"id":6633,"href":"https:\/\/tu-te.de\/en\/wp-json\/wp\/v2\/posts\/2351\/revisions\/6633"}],"wp:featuredmedia":[{"embeddable":true,"href":"https:\/\/tu-te.de\/en\/wp-json\/wp\/v2\/media\/2353"}],"wp:attachment":[{"href":"https:\/\/tu-te.de\/en\/wp-json\/wp\/v2\/media?parent=2351"}],"wp:term":[{"taxonomy":"category","embeddable":true,"href":"https:\/\/tu-te.de\/en\/wp-json\/wp\/v2\/categories?post=2351"},{"taxonomy":"post_tag","embeddable":true,"href":"https:\/\/tu-te.de\/en\/wp-json\/wp\/v2\/tags?post=2351"}],"curies":[{"name":"wp","href":"https:\/\/api.w.org\/{rel}","templated":true}]}}